{"id":152,"date":"2024-04-21T17:18:51","date_gmt":"2024-04-21T15:18:51","guid":{"rendered":"https:\/\/caraps.net\/?p=152"},"modified":"2024-04-21T17:19:26","modified_gmt":"2024-04-21T15:19:26","slug":"152","status":"publish","type":"post","link":"http:\/\/caraps.net\/?p=152&lang=fr","title":{"rendered":"Riadh Sidaoui: En Afrique, &#8220;c\u2019est la Russie qui doit donner des le\u00e7ons \u00e0 la France&#8221;"},"content":{"rendered":"<div class=\"article__header\">\n<div>\n<h1 class=\"article__title\"><span style=\"color: #ff0000;\">Riadh Sidaoui: En Afrique, &#8220;c\u2019est la Russie qui doit donner des le\u00e7ons \u00e0 la France&#8221;<\/span><\/h1>\n<div class=\"article__info \" data-nosnippet=\"\">\n<div class=\"article__info-date\"><strong><a class=\"\" title=\"Archives des actus\" href=\"https:\/\/fr.sputniknews.africa\/20220727\/\" data-unixtime=\"1658947131\">20:38 27.07.2022<\/a> \u00a0\u00a0\u00a0 Par Kamel Louadj<\/strong><\/div>\n<div><\/div>\n<\/div>\n<\/div>\n<div class=\"article__announce-text\">Les accusations \u00e0 l\u2019\u00e9gard de l\u2019\u00c9tat et des m\u00e9dias publics russes, lanc\u00e9es par Emmanuel Macron lors de sa tourn\u00e9e africaine, t\u00e9moignent d\u2019une vive pr\u00e9occupation de Paris face \u00e0 l\u2019\u00e9ventuelle mont\u00e9e de l\u2019influence russe sur le continent, estiment les analystes interrog\u00e9s par Sputnik.<\/div>\n<\/div>\n<div class=\"article__body\">\n<div class=\"article__block\" data-type=\"text\">\n<div class=\"article__text\">Le dirigeant fran\u00e7ais, qui r\u00e9alise une tourn\u00e9e diplomatique en Afrique simultan\u00e9ment avec le ministre russe des Affaires \u00e9trang\u00e8res Sergue\u00ef Lavrov, ne cesse d\u2019invectiver Moscou et ses m\u00e9dias. Apr\u00e8s s\u2019\u00eatre attaqu\u00e9 \u00e0 RT et Sputnik mardi au Cameroun, il vient de qualifier la Russie, cette fois-ci depuis le B\u00e9nin, d\u2019&#8221;une des derni\u00e8res puissances imp\u00e9riales coloniales&#8221;, l\u2019accusant d\u2019avoir lanc\u00e9 &#8220;une guerre territoriale&#8221; en Ukraine.<\/div>\n<\/div>\n<div class=\"article__block\" data-type=\"text\">\n<div class=\"article__text\">Contact\u00e9 par Sputnik, l\u2019enseignant-chercheur en g\u00e9opolitique \u00e0 Universit\u00e9 de Blida II en Alg\u00e9rie, le Dr Abdelkader Soufi, estime qu\u2019il est <em>&#8220;tout \u00e0 fait normal de voir le Pr\u00e9sident fran\u00e7ais s\u2019attaquer aux m\u00e9dias russes et \u00e0 la Russie&#8221;<\/em>, car ces derniers <em>&#8220;risquent de d\u00e9masquer le r\u00f4le malsain de la France en Afrique&#8221;<\/em>.<\/div>\n<\/div>\n<div class=\"article__block\" data-type=\"text\">\n<div class=\"article__text\">Dans ce contexte, la visite de M.Macron a \u00e9videmment pour objectif de <em>&#8220;blanchir&#8221;<\/em> les actions de la Paris et <em>&#8220;remettre en cause l\u2019action russe en Afrique&#8221;<\/em>, qui <em>&#8220;repr\u00e9sente la plus grande menace pour la France&#8221;<\/em>, souligne le chercheur.<\/div>\n<\/div>\n<div class=\"article__block\" data-type=\"h2\">\n<h2 id=\"1055667039-1\" class=\"article__h2\">&#8220;Discours totalement hypocrite&#8221;<\/h2>\n<\/div>\n<div class=\"article__block\" data-type=\"text\">\n<div class=\"article__text\">Le Dr Riadh Sidaoui, directeur du Centre arabe de recherches et d&#8217;analyses politiques et sociales (CARAPS) de Gen\u00e8ve, se montre moins diplomatique: pour lui, il s\u2019agit d\u2019un <em>&#8220;discours totalement hypocrite&#8221;<\/em>, parce que <em>&#8220;les Africains n\u2019ont pas connu le colonisateur russe, mais le colonisateur fran\u00e7ais&#8221;<\/em>.<\/div>\n<\/div>\n<div class=\"article__block\" data-type=\"text\">\n<div class=\"article__text\"><em>&#8220;Et en plus, les richesses africaines sont surexploit\u00e9es voire vol\u00e9es par les colonisateurs fran\u00e7ais jusqu\u2019\u00e0 nos jours&#8221;<\/em>, rench\u00e9rit-il, ajoutant que la France n\u2019a <em>&#8220;aucune le\u00e7on \u00e0 donner&#8221;<\/em> \u00e0 Moscou.<\/div>\n<\/div>\n<div class=\"article__block\" data-type=\"quote\">\n<div class=\"article__quote\">\n<div class=\"article__quote-bg\">\n<div class=\"article__quote-bg-line\"><\/div>\n<\/div>\n<div class=\"article__quote-text\">&#8220;C\u2019est la Russie qui doit donner des le\u00e7ons \u00e0 la France, afin de souligner que la libert\u00e9 et l\u2019ind\u00e9pendance des pays africains ont co\u00fbt\u00e9 cher \u00e0 leurs populations contre les colonisateurs qui ne cherchent que leurs propres int\u00e9r\u00eats&#8221;, insiste-t-il.<\/div>\n<div class=\"article__quote-info\">\n<div class=\"elem-info\">\n<div class=\"elem-info__share\"><\/div>\n<\/div>\n<\/div>\n<\/div>\n<\/div>\n<div class=\"article__block\" data-type=\"h2\">\n<div id=\"1055667039-1055667047\" class=\"article__block-anchor\"><\/div>\n<h2 id=\"1055667039-2\" class=\"article__h2\">&#8220;Une campagne de s\u00e9duction&#8221; men\u00e9e par Macron<\/h2>\n<\/div>\n<div class=\"article__block\" data-type=\"text\">\n<div class=\"article__text\">Pour sa part, l\u2019avocat et journaliste malien Assane Magatte Seye, membre du think tank Union nationale pour l\u2019initiative et la r\u00e9flexion, explique que Macron est en train de mener <em>&#8220;une campagne de s\u00e9duction&#8221;<\/em> en Afrique:<\/div>\n<\/div>\n<div class=\"article__block\" data-type=\"quote\">\n<div class=\"article__quote\">\n<div class=\"article__quote-bg\">\n<div class=\"article__quote-bg-line\"><\/div>\n<\/div>\n<div class=\"article__quote-text\">&#8220;Il a dit clairement que la France allait essayer de trouver d\u2019autres moyens et de faire une politique ext\u00e9rieure diff\u00e9rente&#8221;, indique Me Seye.<\/div>\n<div class=\"article__quote-info\">\n<div class=\"elem-info\">\n<div class=\"elem-info__share\">\n<div class=\"share m-active\" data-id=\"1055667039\" data-url=\"https:\/\/fr.sputniknews.africa\/20220727\/en-afrique-cest-la-russie-qui-doit-donner-des-lecons-a-la-france-1055667039.html?share-block=1055667049\" data-title=\"&quot;Il a dit clairement que la France allait essayer de trouver d\u2019autres moyens et de faire une politique ext\u00e9rieure diff\u00e9rente&quot;, indique Me Seye.\"><\/div>\n<\/div>\n<\/div>\n<\/div>\n<\/div>\n<\/div>\n<div class=\"article__block\" data-type=\"text\">\n<div class=\"article__text\">D\u2019apr\u00e8s lui, aux yeux de M.Macron, la coop\u00e9ration \u00e9conomique et militaire que la Centrafrique ou le Mali maintiennent avec la Russie <em>&#8220;met en danger les int\u00e9r\u00eats fran\u00e7ais&#8221;. &#8220;Il pense que ce ne sont pas des coop\u00e9rations saines parce qu\u2019elles ne vont pas dans leur sens et dans leurs int\u00e9r\u00eats&#8221;<\/em>, constate l\u2019avocat.<\/div>\n<\/div>\n<div class=\"article__block\" data-type=\"quote\">\n<div class=\"article__quote\">\n<div class=\"article__quote-bg\">\n<div class=\"article__quote-bg-line\"><\/div>\n<\/div>\n<div class=\"article__quote-text\">&#8220;Et pourtant, si les int\u00e9r\u00eats de la France vont \u00e0 l\u2019encontre des int\u00e9r\u00eats de certains \u00c9tats, ces \u00c9tats sont aussi libres comme la France l\u2019est de trouver de nouveaux partenariats&#8221;, conclut-il.<\/div>\n<div><\/div>\n<\/div>\n<div>Source: https:\/\/fr.sputniknews.africa\/20220727\/en-afrique-cest-la-russie-qui-doit-donner-des-lecons-a-la-france-1055667039.html<\/div>\n<div class=\"article__quote\">\n<div class=\"article__quote-info\">\n<div class=\"elem-info\">\n<div class=\"elem-info__share\">\n<div class=\"share m-active\" data-id=\"1055667039\" data-url=\"https:\/\/fr.sputniknews.africa\/20220727\/en-afrique-cest-la-russie-qui-doit-donner-des-lecons-a-la-france-1055667039.html?share-block=1055667051\" data-title=\"&quot;Et pourtant, si les int\u00e9r\u00eats de la France vont \u00e0 l\u2019encontre des int\u00e9r\u00eats de certains \u00c9tats, ces \u00c9tats sont aussi libres comme la France l\u2019est de trouver de nouveaux partenariats&quot;, conclut-il.\"><\/div>\n<\/div>\n<\/div>\n<\/div>\n<\/div>\n<\/div>\n<\/div>\n","protected":false},"excerpt":{"rendered":"<div class=\"mh-excerpt\"><p>Riadh Sidaoui: En Afrique, &#8220;c\u2019est la Russie qui doit donner des le\u00e7ons \u00e0 la France&#8221; 20:38 27.07.2022 \u00a0\u00a0\u00a0 Par Kamel Louadj Les accusations \u00e0 l\u2019\u00e9gard de l\u2019\u00c9tat et des m\u00e9dias publics russes, lanc\u00e9es par Emmanuel <a class=\"mh-excerpt-more\" href=\"http:\/\/caraps.net\/?p=152&#038;lang=fr\" title=\"Riadh Sidaoui: En Afrique, &#8220;c\u2019est la Russie qui doit donner des le\u00e7ons \u00e0 la France&#8221;\">[&#8230;]<\/a><\/p>\n<\/div>","protected":false},"author":1,"featured_media":84,"comment_status":"open","ping_status":"open","sticky":false,"template":"","format":"standard","meta":{"footnotes":""},"categories":[41,61,49,77,7,51,53],"tags":[],"class_list":{"0":"post-152","1":"post","2":"type-post","3":"status-publish","4":"format-standard","5":"has-post-thumbnail","7":"category-actualites","8":"category-algerie","9":"category-democratiques","10":"category-entretien","11":"category-histoire","12":"category-relations-internationales","13":"category-sciences-politiques"},"yoast_head":"<!-- This site is optimized with the Yoast SEO plugin v22.5 - https:\/\/yoast.com\/wordpress\/plugins\/seo\/ -->\n<title>Riadh Sidaoui: En Afrique, &quot;c\u2019est la Russie qui doit donner des le\u00e7ons \u00e0 la France&quot; - CARAPS - Geneva - Switzerland<\/title>\n<meta name=\"robots\" content=\"index, follow, max-snippet:-1, max-image-preview:large, max-video-preview:-1\" \/>\n<link rel=\"canonical\" href=\"http:\/\/caraps.net\/?p=152&lang=fr\" \/>\n<meta property=\"og:locale\" content=\"fr_FR\" \/>\n<meta property=\"og:type\" content=\"article\" \/>\n<meta property=\"og:title\" content=\"Riadh Sidaoui: En Afrique, &quot;c\u2019est la Russie qui doit donner des le\u00e7ons \u00e0 la France&quot; - CARAPS - Geneva - Switzerland\" \/>\n<meta property=\"og:description\" content=\"Riadh Sidaoui: En Afrique, &#8220;c\u2019est la Russie qui doit donner des le\u00e7ons \u00e0 la France&#8221; 20:38 27.07.2022 \u00a0\u00a0\u00a0 Par Kamel Louadj Les accusations \u00e0 l\u2019\u00e9gard de l\u2019\u00c9tat et des m\u00e9dias publics russes, lanc\u00e9es par Emmanuel [...]\" \/>\n<meta property=\"og:url\" content=\"http:\/\/caraps.net\/?p=152&amp;lang=fr\" \/>\n<meta property=\"og:site_name\" content=\"CARAPS - Geneva - Switzerland\" \/>\n<meta property=\"article:published_time\" content=\"2024-04-21T15:18:51+00:00\" \/>\n<meta property=\"article:modified_time\" content=\"2024-04-21T15:19:26+00:00\" \/>\n<meta property=\"og:image\" content=\"http:\/\/caraps.net\/wp-content\/uploads\/2024\/04\/riadh-afrika-1622013.jpg2_.jpg\" \/>\n\t<meta property=\"og:image:width\" content=\"960\" \/>\n\t<meta property=\"og:image:height\" content=\"720\" \/>\n\t<meta property=\"og:image:type\" content=\"image\/jpeg\" \/>\n<meta name=\"author\" content=\"admin9697\" \/>\n<meta name=\"twitter:card\" content=\"summary_large_image\" \/>\n<meta name=\"twitter:label1\" content=\"\u00c9crit par\" \/>\n\t<meta name=\"twitter:data1\" content=\"admin9697\" \/>\n\t<meta name=\"twitter:label2\" content=\"Dur\u00e9e de lecture estim\u00e9e\" \/>\n\t<meta name=\"twitter:data2\" content=\"3 minutes\" \/>\n<script type=\"application\/ld+json\" class=\"yoast-schema-graph\">{\"@context\":\"https:\/\/schema.org\",\"@graph\":[{\"@type\":\"WebPage\",\"@id\":\"http:\/\/caraps.net\/?p=152&lang=fr\",\"url\":\"http:\/\/caraps.net\/?p=152&lang=fr\",\"name\":\"Riadh Sidaoui: En Afrique, \\\"c\u2019est la Russie qui doit donner des le\u00e7ons \u00e0 la France\\\" - CARAPS - Geneva - Switzerland\",\"isPartOf\":{\"@id\":\"http:\/\/caraps.net\/#website\"},\"primaryImageOfPage\":{\"@id\":\"http:\/\/caraps.net\/?p=152&lang=fr#primaryimage\"},\"image\":{\"@id\":\"http:\/\/caraps.net\/?p=152&lang=fr#primaryimage\"},\"thumbnailUrl\":\"http:\/\/caraps.net\/wp-content\/uploads\/2024\/04\/riadh-afrika-1622013.jpg2_.jpg\",\"datePublished\":\"2024-04-21T15:18:51+00:00\",\"dateModified\":\"2024-04-21T15:19:26+00:00\",\"author\":{\"@id\":\"http:\/\/caraps.net\/#\/schema\/person\/86b8ec49102a121bbd840defcd544779\"},\"breadcrumb\":{\"@id\":\"http:\/\/caraps.net\/?p=152&lang=fr#breadcrumb\"},\"inLanguage\":\"fr-FR\",\"potentialAction\":[{\"@type\":\"ReadAction\",\"target\":[\"http:\/\/caraps.net\/?p=152&lang=fr\"]}]},{\"@type\":\"ImageObject\",\"inLanguage\":\"fr-FR\",\"@id\":\"http:\/\/caraps.net\/?p=152&lang=fr#primaryimage\",\"url\":\"http:\/\/caraps.net\/wp-content\/uploads\/2024\/04\/riadh-afrika-1622013.jpg2_.jpg\",\"contentUrl\":\"http:\/\/caraps.net\/wp-content\/uploads\/2024\/04\/riadh-afrika-1622013.jpg2_.jpg\",\"width\":960,\"height\":720},{\"@type\":\"BreadcrumbList\",\"@id\":\"http:\/\/caraps.net\/?p=152&lang=fr#breadcrumb\",\"itemListElement\":[{\"@type\":\"ListItem\",\"position\":1,\"name\":\"Accueil\",\"item\":\"http:\/\/caraps.net\/\"},{\"@type\":\"ListItem\",\"position\":2,\"name\":\"Riadh Sidaoui: En Afrique, &#8220;c\u2019est la Russie qui doit donner des le\u00e7ons \u00e0 la France&#8221;\"}]},{\"@type\":\"WebSite\",\"@id\":\"http:\/\/caraps.net\/#website\",\"url\":\"http:\/\/caraps.net\/\",\"name\":\"CARAPS - Geneva - Switzerland\",\"description\":\"Director of CARAPS: Riadh Sidaoui - Phone: 0041763879008- Email: riadh3@sunrise.ch\",\"potentialAction\":[{\"@type\":\"SearchAction\",\"target\":{\"@type\":\"EntryPoint\",\"urlTemplate\":\"http:\/\/caraps.net\/?s={search_term_string}\"},\"query-input\":\"required name=search_term_string\"}],\"inLanguage\":\"fr-FR\"},{\"@type\":\"Person\",\"@id\":\"http:\/\/caraps.net\/#\/schema\/person\/86b8ec49102a121bbd840defcd544779\",\"name\":\"admin9697\",\"image\":{\"@type\":\"ImageObject\",\"inLanguage\":\"fr-FR\",\"@id\":\"http:\/\/caraps.net\/#\/schema\/person\/image\/\",\"url\":\"https:\/\/secure.gravatar.com\/avatar\/8a96ef43d34fa0455f82c5694b9705ab69fd0afc12de1d390e3c30679d53eb2c?s=96&d=mm&r=g\",\"contentUrl\":\"https:\/\/secure.gravatar.com\/avatar\/8a96ef43d34fa0455f82c5694b9705ab69fd0afc12de1d390e3c30679d53eb2c?s=96&d=mm&r=g\",\"caption\":\"admin9697\"},\"sameAs\":[\"http:\/\/caraps.net\"],\"url\":\"http:\/\/caraps.net\/?author=1\"}]}<\/script>\n<!-- \/ Yoast SEO plugin. -->","yoast_head_json":{"title":"Riadh Sidaoui: En Afrique, \"c\u2019est la Russie qui doit donner des le\u00e7ons \u00e0 la France\" - CARAPS - Geneva - Switzerland","robots":{"index":"index","follow":"follow","max-snippet":"max-snippet:-1","max-image-preview":"max-image-preview:large","max-video-preview":"max-video-preview:-1"},"canonical":"http:\/\/caraps.net\/?p=152&lang=fr","og_locale":"fr_FR","og_type":"article","og_title":"Riadh Sidaoui: En Afrique, \"c\u2019est la Russie qui doit donner des le\u00e7ons \u00e0 la France\" - CARAPS - Geneva - Switzerland","og_description":"Riadh Sidaoui: En Afrique, &#8220;c\u2019est la Russie qui doit donner des le\u00e7ons \u00e0 la France&#8221; 20:38 27.07.2022 \u00a0\u00a0\u00a0 Par Kamel Louadj Les accusations \u00e0 l\u2019\u00e9gard de l\u2019\u00c9tat et des m\u00e9dias publics russes, lanc\u00e9es par Emmanuel [...]","og_url":"http:\/\/caraps.net\/?p=152&lang=fr","og_site_name":"CARAPS - Geneva - Switzerland","article_published_time":"2024-04-21T15:18:51+00:00","article_modified_time":"2024-04-21T15:19:26+00:00","og_image":[{"width":960,"height":720,"url":"http:\/\/caraps.net\/wp-content\/uploads\/2024\/04\/riadh-afrika-1622013.jpg2_.jpg","type":"image\/jpeg"}],"author":"admin9697","twitter_card":"summary_large_image","twitter_misc":{"\u00c9crit par":"admin9697","Dur\u00e9e de lecture estim\u00e9e":"3 minutes"},"schema":{"@context":"https:\/\/schema.org","@graph":[{"@type":"WebPage","@id":"http:\/\/caraps.net\/?p=152&lang=fr","url":"http:\/\/caraps.net\/?p=152&lang=fr","name":"Riadh Sidaoui: En Afrique, \"c\u2019est la Russie qui doit donner des le\u00e7ons \u00e0 la France\" - CARAPS - Geneva - Switzerland","isPartOf":{"@id":"http:\/\/caraps.net\/#website"},"primaryImageOfPage":{"@id":"http:\/\/caraps.net\/?p=152&lang=fr#primaryimage"},"image":{"@id":"http:\/\/caraps.net\/?p=152&lang=fr#primaryimage"},"thumbnailUrl":"http:\/\/caraps.net\/wp-content\/uploads\/2024\/04\/riadh-afrika-1622013.jpg2_.jpg","datePublished":"2024-04-21T15:18:51+00:00","dateModified":"2024-04-21T15:19:26+00:00","author":{"@id":"http:\/\/caraps.net\/#\/schema\/person\/86b8ec49102a121bbd840defcd544779"},"breadcrumb":{"@id":"http:\/\/caraps.net\/?p=152&lang=fr#breadcrumb"},"inLanguage":"fr-FR","potentialAction":[{"@type":"ReadAction","target":["http:\/\/caraps.net\/?p=152&lang=fr"]}]},{"@type":"ImageObject","inLanguage":"fr-FR","@id":"http:\/\/caraps.net\/?p=152&lang=fr#primaryimage","url":"http:\/\/caraps.net\/wp-content\/uploads\/2024\/04\/riadh-afrika-1622013.jpg2_.jpg","contentUrl":"http:\/\/caraps.net\/wp-content\/uploads\/2024\/04\/riadh-afrika-1622013.jpg2_.jpg","width":960,"height":720},{"@type":"BreadcrumbList","@id":"http:\/\/caraps.net\/?p=152&lang=fr#breadcrumb","itemListElement":[{"@type":"ListItem","position":1,"name":"Accueil","item":"http:\/\/caraps.net\/"},{"@type":"ListItem","position":2,"name":"Riadh Sidaoui: En Afrique, &#8220;c\u2019est la Russie qui doit donner des le\u00e7ons \u00e0 la France&#8221;"}]},{"@type":"WebSite","@id":"http:\/\/caraps.net\/#website","url":"http:\/\/caraps.net\/","name":"CARAPS - Geneva - Switzerland","description":"Director of CARAPS: Riadh Sidaoui - Phone: 0041763879008- Email: riadh3@sunrise.ch","potentialAction":[{"@type":"SearchAction","target":{"@type":"EntryPoint","urlTemplate":"http:\/\/caraps.net\/?s={search_term_string}"},"query-input":"required name=search_term_string"}],"inLanguage":"fr-FR"},{"@type":"Person","@id":"http:\/\/caraps.net\/#\/schema\/person\/86b8ec49102a121bbd840defcd544779","name":"admin9697","image":{"@type":"ImageObject","inLanguage":"fr-FR","@id":"http:\/\/caraps.net\/#\/schema\/person\/image\/","url":"https:\/\/secure.gravatar.com\/avatar\/8a96ef43d34fa0455f82c5694b9705ab69fd0afc12de1d390e3c30679d53eb2c?s=96&d=mm&r=g","contentUrl":"https:\/\/secure.gravatar.com\/avatar\/8a96ef43d34fa0455f82c5694b9705ab69fd0afc12de1d390e3c30679d53eb2c?s=96&d=mm&r=g","caption":"admin9697"},"sameAs":["http:\/\/caraps.net"],"url":"http:\/\/caraps.net\/?author=1"}]}},"_links":{"self":[{"href":"http:\/\/caraps.net\/index.php?rest_route=\/wp\/v2\/posts\/152","targetHints":{"allow":["GET"]}}],"collection":[{"href":"http:\/\/caraps.net\/index.php?rest_route=\/wp\/v2\/posts"}],"about":[{"href":"http:\/\/caraps.net\/index.php?rest_route=\/wp\/v2\/types\/post"}],"author":[{"embeddable":true,"href":"http:\/\/caraps.net\/index.php?rest_route=\/wp\/v2\/users\/1"}],"replies":[{"embeddable":true,"href":"http:\/\/caraps.net\/index.php?rest_route=%2Fwp%2Fv2%2Fcomments&post=152"}],"version-history":[{"count":2,"href":"http:\/\/caraps.net\/index.php?rest_route=\/wp\/v2\/posts\/152\/revisions"}],"predecessor-version":[{"id":154,"href":"http:\/\/caraps.net\/index.php?rest_route=\/wp\/v2\/posts\/152\/revisions\/154"}],"wp:featuredmedia":[{"embeddable":true,"href":"http:\/\/caraps.net\/index.php?rest_route=\/wp\/v2\/media\/84"}],"wp:attachment":[{"href":"http:\/\/caraps.net\/index.php?rest_route=%2Fwp%2Fv2%2Fmedia&parent=152"}],"wp:term":[{"taxonomy":"category","embeddable":true,"href":"http:\/\/caraps.net\/index.php?rest_route=%2Fwp%2Fv2%2Fcategories&post=152"},{"taxonomy":"post_tag","embeddable":true,"href":"http:\/\/caraps.net\/index.php?rest_route=%2Fwp%2Fv2%2Ftags&post=152"}],"curies":[{"name":"wp","href":"https:\/\/api.w.org\/{rel}","templated":true}]}}