{"id":190,"date":"2024-04-21T19:43:38","date_gmt":"2024-04-21T17:43:38","guid":{"rendered":"https:\/\/caraps.net\/?p=190"},"modified":"2024-04-21T19:43:38","modified_gmt":"2024-04-21T17:43:38","slug":"ahmed-attaf-visits-usa-to-defend-palestines-full-un-membership","status":"publish","type":"post","link":"http:\/\/caraps.net\/?p=190&lang=en","title":{"rendered":"Ahmed Attaf Visits USA to Defend Palestine\u2019s Full UN Membership"},"content":{"rendered":"<h1 class=\"ech-sgmn__title ech-sgmn__sdpd\"><span style=\"color: #ff0000;\">Ahmed Attaf Visits USA to Defend Palestine\u2019s Full UN Membership<\/span><\/h1>\n<div class=\"ech-sgmn__meta ech-sgmn__sdpd d-f ai-c\">\n<div class=\"d-f fxd-c ai-fs\">\n<div class=\"ech-sgmn__aanm _noap\"><strong>S.A\/English version: Dalila Henache<\/strong><\/div>\n<div><\/div>\n<\/div>\n<\/div>\n<div class=\"ech-artx\">\n<p>The Minister of Foreign Affairs and the National Community Abroad, Ahmed Attaf, is making a working visit, on Tuesday, to New York to participate in a series of ministerial meetings on the Palestinian issue, commissioned by the President of the Republic, Abdelmadjid Tebboune, on the important horizon that awaits the Security Council regarding the file of the full membership of the State of Palestine in the United Nations, a statement by the ministry said.<\/p>\n<p>According to the same statement, Attaf is also expected to participate in two high-level discussion sessions at the Security Council on the role of youth in confronting security challenges in the Mediterranean region and supporting the UN Relief and Works Agency for Palestine Refugees (UNRWA).<\/p>\n<p>During the same visit, the Minister will participate in a General Assembly meeting that falls within the framework of following up on implementing sustainable development goals, especially those related to providing sustainable energy for all.<\/p>\n<p>In another context, Lounas Magramane, Secretary General of the Ministry of Foreign Affairs and the National Community Abroad, received, on Tuesday, at the Ministry\u2019s headquarters, Goran Aleksic, State Secretary of the Ministry of Foreign Affairs of the Republic of Serbia, who is visiting Algeria from April 15 to 17, 2024, according to a statement by the ministry.<\/p>\n<p>\u201cThis meeting constituted a valuable opportunity to discuss Algerian-Serbian relations, ways and means to strengthen them in various areas of priority for the two countries\u201d, the statement added.<\/p>\n<p>The two parties also exchanged \u201cvarious views on many regional and international issues of common interest,\u201d the ministry explained.<\/p>\n<\/div>\n<div class=\"ech-saad d-f\">\n<div class=\"ech-saad__cntn d-f\">Source:<\/div>\n<div>https:\/\/www.echoroukonline.com\/ahmed-attaf-visits-usa-to-defend-palestines-full-un-membership<\/div>\n<\/div>\n","protected":false},"excerpt":{"rendered":"<div class=\"mh-excerpt\"><p>Ahmed Attaf Visits USA to Defend Palestine\u2019s Full UN Membership S.A\/English version: Dalila Henache The Minister of Foreign Affairs and the National Community Abroad, Ahmed Attaf, is making a working visit, on Tuesday, to New <a class=\"mh-excerpt-more\" href=\"http:\/\/caraps.net\/?p=190&#038;lang=en\" title=\"Ahmed Attaf Visits USA to Defend Palestine\u2019s Full UN Membership\">[&#8230;]<\/a><\/p>\n<\/div>","protected":false},"author":1,"featured_media":191,"comment_status":"open","ping_status":"open","sticky":false,"template":"","format":"standard","meta":{"footnotes":""},"categories":[102,87,95,85,83,89,97,79,93,81,91,12],"tags":[],"class_list":{"0":"post-190","1":"post","2":"type-post","3":"status-publish","4":"format-standard","5":"has-post-thumbnail","7":"category-algeria","8":"category-arab-countries","9":"category-books-and-studies","10":"category-democratic","11":"category-history","12":"category-international-relations","13":"category-interviews","14":"category-news","15":"category-philosophy","16":"category-political-islam","17":"category-political-science","18":"category-terrorism-en"},"yoast_head":"<!-- This site is optimized with the Yoast SEO plugin v22.5 - https:\/\/yoast.com\/wordpress\/plugins\/seo\/ -->\n<title>Ahmed Attaf Visits USA to Defend Palestine\u2019s Full UN Membership - CARAPS - Geneva - Switzerland<\/title>\n<meta name=\"robots\" content=\"index, follow, max-snippet:-1, max-image-preview:large, max-video-preview:-1\" \/>\n<link rel=\"canonical\" href=\"http:\/\/caraps.net\/?p=190&lang=en\" \/>\n<meta property=\"og:locale\" content=\"fr_FR\" \/>\n<meta property=\"og:type\" content=\"article\" \/>\n<meta property=\"og:title\" content=\"Ahmed Attaf Visits USA to Defend Palestine\u2019s Full UN Membership - CARAPS - Geneva - Switzerland\" \/>\n<meta property=\"og:description\" content=\"Ahmed Attaf Visits USA to Defend Palestine\u2019s Full UN Membership S.A\/English version: Dalila Henache The Minister of Foreign Affairs and the National Community Abroad, Ahmed Attaf, is making a working visit, on Tuesday, to New [...]\" \/>\n<meta property=\"og:url\" content=\"http:\/\/caraps.net\/?p=190&amp;lang=en\" \/>\n<meta property=\"og:site_name\" content=\"CARAPS - Geneva - Switzerland\" \/>\n<meta property=\"article:published_time\" content=\"2024-04-21T17:43:38+00:00\" \/>\n<meta property=\"og:image\" content=\"http:\/\/caraps.net\/wp-content\/uploads\/2024\/04\/Ahmed-Attaf-7.jpg\" \/>\n\t<meta property=\"og:image:width\" content=\"980\" \/>\n\t<meta property=\"og:image:height\" content=\"653\" \/>\n\t<meta property=\"og:image:type\" content=\"image\/jpeg\" \/>\n<meta name=\"author\" content=\"admin9697\" \/>\n<meta name=\"twitter:card\" content=\"summary_large_image\" \/>\n<meta name=\"twitter:label1\" content=\"\u00c9crit par\" \/>\n\t<meta name=\"twitter:data1\" content=\"admin9697\" \/>\n\t<meta name=\"twitter:label2\" content=\"Dur\u00e9e de lecture estim\u00e9e\" \/>\n\t<meta name=\"twitter:data2\" content=\"1 minute\" \/>\n<script type=\"application\/ld+json\" class=\"yoast-schema-graph\">{\"@context\":\"https:\/\/schema.org\",\"@graph\":[{\"@type\":\"WebPage\",\"@id\":\"http:\/\/caraps.net\/?p=190&lang=en\",\"url\":\"http:\/\/caraps.net\/?p=190&lang=en\",\"name\":\"Ahmed Attaf Visits USA to Defend Palestine\u2019s Full UN Membership - CARAPS - Geneva - Switzerland\",\"isPartOf\":{\"@id\":\"http:\/\/caraps.net\/#website\"},\"primaryImageOfPage\":{\"@id\":\"http:\/\/caraps.net\/?p=190&lang=en#primaryimage\"},\"image\":{\"@id\":\"http:\/\/caraps.net\/?p=190&lang=en#primaryimage\"},\"thumbnailUrl\":\"http:\/\/caraps.net\/wp-content\/uploads\/2024\/04\/Ahmed-Attaf-7.jpg\",\"datePublished\":\"2024-04-21T17:43:38+00:00\",\"dateModified\":\"2024-04-21T17:43:38+00:00\",\"author\":{\"@id\":\"http:\/\/caraps.net\/#\/schema\/person\/86b8ec49102a121bbd840defcd544779\"},\"breadcrumb\":{\"@id\":\"http:\/\/caraps.net\/?p=190&lang=en#breadcrumb\"},\"inLanguage\":\"fr-FR\",\"potentialAction\":[{\"@type\":\"ReadAction\",\"target\":[\"http:\/\/caraps.net\/?p=190&lang=en\"]}]},{\"@type\":\"ImageObject\",\"inLanguage\":\"fr-FR\",\"@id\":\"http:\/\/caraps.net\/?p=190&lang=en#primaryimage\",\"url\":\"http:\/\/caraps.net\/wp-content\/uploads\/2024\/04\/Ahmed-Attaf-7.jpg\",\"contentUrl\":\"http:\/\/caraps.net\/wp-content\/uploads\/2024\/04\/Ahmed-Attaf-7.jpg\",\"width\":980,\"height\":653},{\"@type\":\"BreadcrumbList\",\"@id\":\"http:\/\/caraps.net\/?p=190&lang=en#breadcrumb\",\"itemListElement\":[{\"@type\":\"ListItem\",\"position\":1,\"name\":\"Accueil\",\"item\":\"http:\/\/caraps.net\/\"},{\"@type\":\"ListItem\",\"position\":2,\"name\":\"Ahmed Attaf Visits USA to Defend Palestine\u2019s Full UN Membership\"}]},{\"@type\":\"WebSite\",\"@id\":\"http:\/\/caraps.net\/#website\",\"url\":\"http:\/\/caraps.net\/\",\"name\":\"CARAPS - Geneva - Switzerland\",\"description\":\"Director of CARAPS: Riadh Sidaoui - Phone: 0041763879008- Email: riadh3@sunrise.ch\",\"potentialAction\":[{\"@type\":\"SearchAction\",\"target\":{\"@type\":\"EntryPoint\",\"urlTemplate\":\"http:\/\/caraps.net\/?s={search_term_string}\"},\"query-input\":\"required name=search_term_string\"}],\"inLanguage\":\"fr-FR\"},{\"@type\":\"Person\",\"@id\":\"http:\/\/caraps.net\/#\/schema\/person\/86b8ec49102a121bbd840defcd544779\",\"name\":\"admin9697\",\"image\":{\"@type\":\"ImageObject\",\"inLanguage\":\"fr-FR\",\"@id\":\"http:\/\/caraps.net\/#\/schema\/person\/image\/\",\"url\":\"https:\/\/secure.gravatar.com\/avatar\/8a96ef43d34fa0455f82c5694b9705ab69fd0afc12de1d390e3c30679d53eb2c?s=96&d=mm&r=g\",\"contentUrl\":\"https:\/\/secure.gravatar.com\/avatar\/8a96ef43d34fa0455f82c5694b9705ab69fd0afc12de1d390e3c30679d53eb2c?s=96&d=mm&r=g\",\"caption\":\"admin9697\"},\"sameAs\":[\"http:\/\/caraps.net\"],\"url\":\"http:\/\/caraps.net\/?author=1\"}]}<\/script>\n<!-- \/ Yoast SEO plugin. -->","yoast_head_json":{"title":"Ahmed Attaf Visits USA to Defend Palestine\u2019s Full UN Membership - CARAPS - Geneva - Switzerland","robots":{"index":"index","follow":"follow","max-snippet":"max-snippet:-1","max-image-preview":"max-image-preview:large","max-video-preview":"max-video-preview:-1"},"canonical":"http:\/\/caraps.net\/?p=190&lang=en","og_locale":"fr_FR","og_type":"article","og_title":"Ahmed Attaf Visits USA to Defend Palestine\u2019s Full UN Membership - CARAPS - Geneva - Switzerland","og_description":"Ahmed Attaf Visits USA to Defend Palestine\u2019s Full UN Membership S.A\/English version: Dalila Henache The Minister of Foreign Affairs and the National Community Abroad, Ahmed Attaf, is making a working visit, on Tuesday, to New [...]","og_url":"http:\/\/caraps.net\/?p=190&lang=en","og_site_name":"CARAPS - Geneva - Switzerland","article_published_time":"2024-04-21T17:43:38+00:00","og_image":[{"width":980,"height":653,"url":"http:\/\/caraps.net\/wp-content\/uploads\/2024\/04\/Ahmed-Attaf-7.jpg","type":"image\/jpeg"}],"author":"admin9697","twitter_card":"summary_large_image","twitter_misc":{"\u00c9crit par":"admin9697","Dur\u00e9e de lecture estim\u00e9e":"1 minute"},"schema":{"@context":"https:\/\/schema.org","@graph":[{"@type":"WebPage","@id":"http:\/\/caraps.net\/?p=190&lang=en","url":"http:\/\/caraps.net\/?p=190&lang=en","name":"Ahmed Attaf Visits USA to Defend Palestine\u2019s Full UN Membership - CARAPS - Geneva - Switzerland","isPartOf":{"@id":"http:\/\/caraps.net\/#website"},"primaryImageOfPage":{"@id":"http:\/\/caraps.net\/?p=190&lang=en#primaryimage"},"image":{"@id":"http:\/\/caraps.net\/?p=190&lang=en#primaryimage"},"thumbnailUrl":"http:\/\/caraps.net\/wp-content\/uploads\/2024\/04\/Ahmed-Attaf-7.jpg","datePublished":"2024-04-21T17:43:38+00:00","dateModified":"2024-04-21T17:43:38+00:00","author":{"@id":"http:\/\/caraps.net\/#\/schema\/person\/86b8ec49102a121bbd840defcd544779"},"breadcrumb":{"@id":"http:\/\/caraps.net\/?p=190&lang=en#breadcrumb"},"inLanguage":"fr-FR","potentialAction":[{"@type":"ReadAction","target":["http:\/\/caraps.net\/?p=190&lang=en"]}]},{"@type":"ImageObject","inLanguage":"fr-FR","@id":"http:\/\/caraps.net\/?p=190&lang=en#primaryimage","url":"http:\/\/caraps.net\/wp-content\/uploads\/2024\/04\/Ahmed-Attaf-7.jpg","contentUrl":"http:\/\/caraps.net\/wp-content\/uploads\/2024\/04\/Ahmed-Attaf-7.jpg","width":980,"height":653},{"@type":"BreadcrumbList","@id":"http:\/\/caraps.net\/?p=190&lang=en#breadcrumb","itemListElement":[{"@type":"ListItem","position":1,"name":"Accueil","item":"http:\/\/caraps.net\/"},{"@type":"ListItem","position":2,"name":"Ahmed Attaf Visits USA to Defend Palestine\u2019s Full UN Membership"}]},{"@type":"WebSite","@id":"http:\/\/caraps.net\/#website","url":"http:\/\/caraps.net\/","name":"CARAPS - Geneva - Switzerland","description":"Director of CARAPS: Riadh Sidaoui - Phone: 0041763879008- Email: riadh3@sunrise.ch","potentialAction":[{"@type":"SearchAction","target":{"@type":"EntryPoint","urlTemplate":"http:\/\/caraps.net\/?s={search_term_string}"},"query-input":"required name=search_term_string"}],"inLanguage":"fr-FR"},{"@type":"Person","@id":"http:\/\/caraps.net\/#\/schema\/person\/86b8ec49102a121bbd840defcd544779","name":"admin9697","image":{"@type":"ImageObject","inLanguage":"fr-FR","@id":"http:\/\/caraps.net\/#\/schema\/person\/image\/","url":"https:\/\/secure.gravatar.com\/avatar\/8a96ef43d34fa0455f82c5694b9705ab69fd0afc12de1d390e3c30679d53eb2c?s=96&d=mm&r=g","contentUrl":"https:\/\/secure.gravatar.com\/avatar\/8a96ef43d34fa0455f82c5694b9705ab69fd0afc12de1d390e3c30679d53eb2c?s=96&d=mm&r=g","caption":"admin9697"},"sameAs":["http:\/\/caraps.net"],"url":"http:\/\/caraps.net\/?author=1"}]}},"_links":{"self":[{"href":"http:\/\/caraps.net\/index.php?rest_route=\/wp\/v2\/posts\/190","targetHints":{"allow":["GET"]}}],"collection":[{"href":"http:\/\/caraps.net\/index.php?rest_route=\/wp\/v2\/posts"}],"about":[{"href":"http:\/\/caraps.net\/index.php?rest_route=\/wp\/v2\/types\/post"}],"author":[{"embeddable":true,"href":"http:\/\/caraps.net\/index.php?rest_route=\/wp\/v2\/users\/1"}],"replies":[{"embeddable":true,"href":"http:\/\/caraps.net\/index.php?rest_route=%2Fwp%2Fv2%2Fcomments&post=190"}],"version-history":[{"count":1,"href":"http:\/\/caraps.net\/index.php?rest_route=\/wp\/v2\/posts\/190\/revisions"}],"predecessor-version":[{"id":192,"href":"http:\/\/caraps.net\/index.php?rest_route=\/wp\/v2\/posts\/190\/revisions\/192"}],"wp:featuredmedia":[{"embeddable":true,"href":"http:\/\/caraps.net\/index.php?rest_route=\/wp\/v2\/media\/191"}],"wp:attachment":[{"href":"http:\/\/caraps.net\/index.php?rest_route=%2Fwp%2Fv2%2Fmedia&parent=190"}],"wp:term":[{"taxonomy":"category","embeddable":true,"href":"http:\/\/caraps.net\/index.php?rest_route=%2Fwp%2Fv2%2Fcategories&post=190"},{"taxonomy":"post_tag","embeddable":true,"href":"http:\/\/caraps.net\/index.php?rest_route=%2Fwp%2Fv2%2Ftags&post=190"}],"curies":[{"name":"wp","href":"https:\/\/api.w.org\/{rel}","templated":true}]}}